[{"@context":"https:\/\/schema.org\/","@type":"Article","@id":"https:\/\/www.sciap.cz\/vlastni-telo\/#Article","mainEntityOfPage":"https:\/\/www.sciap.cz\/vlastni-telo\/","headline":"Vlastn\u00ed t\u011blo","name":"Vlastn\u00ed t\u011blo","description":"M\u011bli jste u\u017e n\u011bkdy deprese ze sv\u00e9ho vlastn\u00edho t\u011bla? J\u00e1 ano. A tedy m\u016f\u017eu v\u00e1m &hellip; ","datePublished":"2024-07-23","dateModified":"2024-07-23","author":{"@type":"Person","@id":"https:\/\/www.sciap.cz\/author\/#Person","name":"","url":"https:\/\/www.sciap.cz\/author\/","identifier":1,"image":{"@type":"ImageObject","@id":"https:\/\/secure.gravatar.com\/avatar\/9994033610bfa8d5c75e7c2dd1b5bdd54900f4ed2e7e5c6722d4887246e31af4?s=96&d=mm&r=g","url":"https:\/\/secure.gravatar.com\/avatar\/9994033610bfa8d5c75e7c2dd1b5bdd54900f4ed2e7e5c6722d4887246e31af4?s=96&d=mm&r=g","height":96,"width":96}},"publisher":{"@type":"Organization","name":"sciap.cz","logo":{"@type":"ImageObject","@id":"\/logo.png","url":"\/logo.png","width":600,"height":60}},"image":{"@type":"ImageObject","@id":"https:\/\/www.sciap.cz\/wp-content\/uploads\/pexels-pedro-figueras-202443-626165_3.jpg","url":"https:\/\/www.sciap.cz\/wp-content\/uploads\/pexels-pedro-figueras-202443-626165_3.jpg","height":0,"width":0},"url":"https:\/\/www.sciap.cz\/vlastni-telo\/","about":["Lifestyle"],"wordCount":449,"articleBody":"M\u011bli jste u\u017e n\u011bkdy deprese ze sv\u00e9ho vlastn\u00edho t\u011bla? J\u00e1 ano. A tedy m\u016f\u017eu v\u00e1m \u0159\u00edct, \u017ee to opravdu nen\u00ed nic, na co bych byla py\u0161n\u00e1 a co by mi n\u011bjak\u00fdm zp\u016fsobem bylo p\u0159\u00edjemn\u00e9. A pr\u00e1v\u011b dneska bych se s v\u00e1mi cht\u011bla pod\u011blit o mou zku\u0161enost. Za\u010dalo to zhruba v dob\u011b, kdy jsem ot\u011bhotn\u011bla. Tehdy jsem byla \u0161t\u00edhl\u00e1 jako proutek a v\u0161ichni mi \u0159\u00edkali, a\u0165 n\u011bjak\u00e9 to kilo p\u0159iberu. J\u00e1 jsem si \u0159\u00edkala, \u017ee by mi to nemuseli po\u0159\u00e1d \u0159\u00edkat, \u017ee u\u017e je to otravn\u00e9. No a pak vlastn\u011b nastala ta dan\u00e1 situace, kdy jsem ot\u011bhotn\u011bla. No a z m\u00fdch p\u016fvodn\u00edch 43 kg jsem za\u010dala p\u0159ib\u00edrat. No, a nakonec jsem skon\u010dila na v\u00e1ze zhruba 53 kilo, co\u017e je sice zhruba &#8222;jenom&#8220; o deset kilo v\u00edce, ale i tak to na m\u011b bylo vid\u011bt. A v\u011b\u0159te mi, \u017ee m\u011b to za\u010dalo ale hodn\u011b moc tr\u00e1pit, kdy\u017e jsem je\u0161t\u011b k tomu musela poslouchat n\u011bkter\u00e9 ostatn\u00ed lidi a valilo se na m\u011b ze v\u0161ech strach, a\u0165 zhubnu. Tak prvn\u011b mi \u0159\u00edkali, a\u0165 n\u011bjak\u00e9 ta kila naberu a pak a\u0165 shod\u00edm? Zd\u00e1lo se mi to docela dost nelogick\u00e9.\u00a0Mo\u017en\u00e1 m\u011bli pravdu v tom, \u017ee to na m\u011b \u0161lo rozhodn\u011b v\u00edce vid\u011bt. Ale co? I kdybych m\u011bla sto kilo, tak si mysl\u00edm, \u017ee ostatn\u00edm by to mohlo b\u00fdt tak\u0159ka ukraden\u00e9. Nebo ne?Z\u00e1le\u017e\u00ed na tom, jestli jste ten typ povahy, kter\u00e9ho tyhle typy pozn\u00e1mek zas\u00e1hnou anebo nad t\u00edm jenom m\u00e1vnete rukou a \u0159eknete si, \u017ee v\u00e1m je to jedno. To v\u0161echno z\u00e1le\u017e\u00ed na va\u0161\u00ed povaze. Tak stejn\u011b z\u00e1le\u017e\u00ed na tom, co si z t\u011bchto pozn\u00e1mek vezmete. Mo\u017en\u00e1 je na tom kousek pravdy&#8230;. Ale to neznamen\u00e1, \u017ee byste se z toho m\u011bli hroutit a za\u010d\u00edt se nen\u00e1vid\u011bt. Je jenom na v\u00e1s, co s t\u00edm ud\u011bl\u00e1te. Vesm\u011bs m\u00e1te jenom dv\u011b mo\u017enosti&#8230; Bu\u010f se nad t\u00edm zamysl\u00edte a \u0159eknete si, \u017ee s t\u00edm n\u011bco ud\u011bl\u00e1te (ale kv\u016fli sob\u011b, ne kv\u016fli ostatn\u00edm) anebo se na to prost\u011b a jasn\u011b vyka\u0161lete a budete spokojen\u00ed. A za\u010dnete se m\u00edt r\u00e1di takov\u00ed, jac\u00ed jste a \u0159ekla bych, \u017ee tohle je v dne\u0161n\u00ed dob\u011b pom\u011brn\u011b dost d\u016fle\u017eit\u00e9. N\u011bkdy prost\u011b mus\u00edme naj\u00edt sami sebe.                                                                                                                                                                                                                                                                                                                                                                                        4\/5 - (13 votes)        "},{"@context":"https:\/\/schema.org\/","@type":"BreadcrumbList","itemListElement":[{"@type":"ListItem","position":1,"name":"Vlastn\u00ed t\u011blo","item":"https:\/\/www.sciap.cz\/vlastni-telo\/#breadcrumbitem"}]}]